{"id":20045,"date":"2026-04-26T16:23:29","date_gmt":"2026-04-26T14:23:29","guid":{"rendered":"https:\/\/www.braveaurora.com\/das-waren-noch-die-harmlosen-boesen-wiener-lieder-%f0%9f%8e%bb\/"},"modified":"2026-04-26T16:23:29","modified_gmt":"2026-04-26T14:23:29","slug":"das-waren-noch-die-harmlosen-boesen-wiener-lieder-%f0%9f%8e%bb","status":"publish","type":"post","link":"https:\/\/www.braveaurora.com\/en\/das-waren-noch-die-harmlosen-boesen-wiener-lieder-%f0%9f%8e%bb\/","title":{"rendered":"\u201eDas waren noch die harmlosen b\u00f6sen Wiener Lieder.\u201d \ud83c\udfbb"},"content":{"rendered":"<p>So @martin_achrainer, der Tenor, am Mittwoch Abend im Palais des Kaufm\u00e4nnischen Vereins.<br \/>\nRund 400 G\u00e4ste, das Johann Strau\u00df Ensemble und spitze, bissige, komische Wiener Lieder \u2013 und mittendrin durften Sarah, Julia und Oliver (aus dem Rotary-Club, er war mit uns im Februar in Ghana) auf die B\u00fchne.<br \/>\nWir erz\u00e4hlten von Kindern und Familien in Nordghana. Von Frauen wie Gifty, die bis heute 21 Fris\u00f6rinnen ausgebildet hat. Von dem, was eine Berufsausbildung in Bewegung setzen kann.<br \/>\nEs war sehr sch\u00f6n! Danke, Rotary Club Linz Donau &#8211; f\u00fcr eure Herzlichkeit, eure B\u00fchne und daf\u00fcr, dass die Einnahmen dieses Abends direkt in unser Projekt \u201eHandwerk formt Zukunft\u201d flie\u00dfen!<\/p>\n<p>[ENG]<br \/>\n\u201cThose were still the harmless, naughty Viennese songs.\u201d<br \/>\nSo said @martin_achrainer, the tenor, on Wednesday evening at the Palais des Kaufm\u00e4nnischen Vereins.<br \/>\nAround 400 guests, the Johann Strauss Ensemble, and sharp, biting, funny Viennese songs\u2014and right in the middle of it all, Sarah, Julia, and Oliver (from the Rotary Club, he was with us in Ghana in February) were invited onto the stage.<br \/>\nWe talked about children and families in Northern Ghana. About women like Gifty, who has trained 21 hairdressers to date. About the impact vocational training can have.<br \/>\nIt was wonderful! Thank you, Rotary Club Linz Donau\u2014for your warmth, your stage, and for ensuring that the proceeds from this evening go directly to our project \u201cCrafts Shape the Future\u201d!<\/p>\n","protected":false},"excerpt":{"rendered":"<p>So @martin_achrainer, der Tenor, am Mittwoch Abend im Palais des Kaufm\u00e4nnischen Vereins.","protected":false},"author":1,"featured_media":20044,"comment_status":"","ping_status":"","sticky":false,"template":"","format":"standard","meta":{"_uag_custom_page_level_css":"","site-sidebar-layout":"default","site-content-layout":"","ast-site-content-layout":"default","site-content-style":"default","site-sidebar-style":"default","ast-global-header-display":"","ast-banner-title-visibility":"","ast-main-header-display":"","ast-hfb-above-header-display":"","ast-hfb-below-header-display":"","ast-hfb-mobile-header-display":"","site-post-title":"","ast-breadcrumbs-content":"","ast-featured-img":"","footer-sml-layout":"","ast-disable-related-posts":"","theme-transparent-header-meta":"","adv-header-id-meta":"","stick-header-meta":"","header-above-stick-meta":"","header-main-stick-meta":"","header-below-stick-meta":"","astra-migrate-meta-layouts":"default","ast-page-background-enabled":"default","ast-page-background-meta":{"desktop":{"background-color":"var(--ast-global-color-4)","background-image":"","background-repeat":"repeat","background-position":"center center","background-size":"auto","background-attachment":"scroll","background-type":"","background-media":"","overlay-type":"","overlay-color":"","overlay-opacity":"","overlay-gradient":""},"tablet":{"background-color":"","background-image":"","background-repeat":"repeat","background-position":"center center","background-size":"auto","background-attachment":"scroll","background-type":"","background-media":"","overlay-type":"","overlay-color":"","overlay-opacity":"","overlay-gradient":""},"mobile":{"background-color":"","background-image":"","background-repeat":"repeat","background-position":"center center","background-size":"auto","background-attachment":"scroll","background-type":"","background-media":"","overlay-type":"","overlay-color":"","overlay-opacity":"","overlay-gradient":""}},"ast-content-background-meta":{"desktop":{"background-color":"var(--ast-global-color-5)","background-image":"","background-repeat":"repeat","background-position":"center center","background-size":"auto","background-attachment":"scroll","background-type":"","background-media":"","overlay-type":"","overlay-color":"","overlay-opacity":"","overlay-gradient":""},"tablet":{"background-color":"var(--ast-global-color-5)","background-image":"","background-repeat":"repeat","background-position":"center center","background-size":"auto","background-attachment":"scroll","background-type":"","background-media":"","overlay-type":"","overlay-color":"","overlay-opacity":"","overlay-gradient":""},"mobile":{"background-color":"var(--ast-global-color-5)","background-image":"","background-repeat":"repeat","background-position":"center center","background-size":"auto","background-attachment":"scroll","background-type":"","background-media":"","overlay-type":"","overlay-color":"","overlay-opacity":"","overlay-gradient":""}},"footnotes":""},"categories":[29],"tags":[],"class_list":["post-20045","post","type-post","status-publish","format-standard","has-post-thumbnail","hentry","category-news_en"],"yoast_head":"<!-- This site is optimized with the Yoast SEO plugin v27.4 - https:\/\/yoast.com\/product\/yoast-seo-wordpress\/ -->\n<title>\u201eDas waren noch die harmlosen b\u00f6sen Wiener Lieder.\u201d \ud83c\udfbb - BRAVEAURORA<\/title>\n<meta name=\"robots\" content=\"index, follow, max-snippet:-1, max-image-preview:large, max-video-preview:-1\" \/>\n<link rel=\"canonical\" href=\"https:\/\/www.braveaurora.com\/en\/das-waren-noch-die-harmlosen-boesen-wiener-lieder-\ud83c\udfbb\/\" \/>\n<meta property=\"og:locale\" content=\"en_GB\" \/>\n<meta property=\"og:type\" content=\"article\" \/>\n<meta property=\"og:title\" content=\"\u201eDas waren noch die harmlosen b\u00f6sen Wiener Lieder.\u201d \ud83c\udfbb - BRAVEAURORA\" \/>\n<meta property=\"og:description\" content=\"So @martin_achrainer, der Tenor, am Mittwoch Abend im Palais des Kaufm\u00e4nnischen Vereins.\" \/>\n<meta property=\"og:url\" content=\"https:\/\/www.braveaurora.com\/en\/das-waren-noch-die-harmlosen-boesen-wiener-lieder-\ud83c\udfbb\/\" \/>\n<meta property=\"og:site_name\" content=\"BRAVEAURORA\" \/>\n<meta property=\"article:published_time\" content=\"2026-04-26T14:23:29+00:00\" \/>\n<meta name=\"author\" content=\"bstoeller\" \/>\n<meta name=\"twitter:card\" content=\"summary_large_image\" \/>\n<meta name=\"twitter:label1\" content=\"Written by\" \/>\n\t<meta name=\"twitter:data1\" content=\"bstoeller\" \/>\n\t<meta name=\"twitter:label2\" content=\"Estimated reading time\" \/>\n\t<meta name=\"twitter:data2\" content=\"1 minute\" \/>\n<script type=\"application\/ld+json\" class=\"yoast-schema-graph\">{\"@context\":\"https:\\\/\\\/schema.org\",\"@graph\":[{\"@type\":\"Article\",\"@id\":\"https:\\\/\\\/www.braveaurora.com\\\/das-waren-noch-die-harmlosen-boesen-wiener-lieder-%f0%9f%8e%bb\\\/#article\",\"isPartOf\":{\"@id\":\"https:\\\/\\\/www.braveaurora.com\\\/das-waren-noch-die-harmlosen-boesen-wiener-lieder-%f0%9f%8e%bb\\\/\"},\"author\":{\"name\":\"bstoeller\",\"@id\":\"https:\\\/\\\/www.braveaurora.com\\\/#\\\/schema\\\/person\\\/e1ad5b4991a1e953c9bcc2f893189bf6\"},\"headline\":\"\u201eDas waren noch die harmlosen b\u00f6sen Wiener Lieder.\u201d \ud83c\udfbb\",\"datePublished\":\"2026-04-26T14:23:29+00:00\",\"mainEntityOfPage\":{\"@id\":\"https:\\\/\\\/www.braveaurora.com\\\/das-waren-noch-die-harmlosen-boesen-wiener-lieder-%f0%9f%8e%bb\\\/\"},\"wordCount\":246,\"publisher\":{\"@id\":\"https:\\\/\\\/www.braveaurora.com\\\/#organization\"},\"image\":{\"@id\":\"https:\\\/\\\/www.braveaurora.com\\\/das-waren-noch-die-harmlosen-boesen-wiener-lieder-%f0%9f%8e%bb\\\/#primaryimage\"},\"thumbnailUrl\":\"https:\\\/\\\/www.braveaurora.com\\\/wp-content\\\/uploads\\\/sites\\\/33\\\/2026\\\/04\\\/18129036757570673_file.jpeg\",\"articleSection\":[\"News\"],\"inLanguage\":\"en-GB\"},{\"@type\":\"WebPage\",\"@id\":\"https:\\\/\\\/www.braveaurora.com\\\/das-waren-noch-die-harmlosen-boesen-wiener-lieder-%f0%9f%8e%bb\\\/\",\"url\":\"https:\\\/\\\/www.braveaurora.com\\\/das-waren-noch-die-harmlosen-boesen-wiener-lieder-%f0%9f%8e%bb\\\/\",\"name\":\"\u201eDas waren noch die harmlosen b\u00f6sen Wiener Lieder.\u201d \ud83c\udfbb - BRAVEAURORA\",\"isPartOf\":{\"@id\":\"https:\\\/\\\/www.braveaurora.com\\\/#website\"},\"primaryImageOfPage\":{\"@id\":\"https:\\\/\\\/www.braveaurora.com\\\/das-waren-noch-die-harmlosen-boesen-wiener-lieder-%f0%9f%8e%bb\\\/#primaryimage\"},\"image\":{\"@id\":\"https:\\\/\\\/www.braveaurora.com\\\/das-waren-noch-die-harmlosen-boesen-wiener-lieder-%f0%9f%8e%bb\\\/#primaryimage\"},\"thumbnailUrl\":\"https:\\\/\\\/www.braveaurora.com\\\/wp-content\\\/uploads\\\/sites\\\/33\\\/2026\\\/04\\\/18129036757570673_file.jpeg\",\"datePublished\":\"2026-04-26T14:23:29+00:00\",\"breadcrumb\":{\"@id\":\"https:\\\/\\\/www.braveaurora.com\\\/das-waren-noch-die-harmlosen-boesen-wiener-lieder-%f0%9f%8e%bb\\\/#breadcrumb\"},\"inLanguage\":\"en-GB\",\"potentialAction\":[{\"@type\":\"ReadAction\",\"target\":[\"https:\\\/\\\/www.braveaurora.com\\\/das-waren-noch-die-harmlosen-boesen-wiener-lieder-%f0%9f%8e%bb\\\/\"]}]},{\"@type\":\"ImageObject\",\"inLanguage\":\"en-GB\",\"@id\":\"https:\\\/\\\/www.braveaurora.com\\\/das-waren-noch-die-harmlosen-boesen-wiener-lieder-%f0%9f%8e%bb\\\/#primaryimage\",\"url\":\"https:\\\/\\\/www.braveaurora.com\\\/wp-content\\\/uploads\\\/sites\\\/33\\\/2026\\\/04\\\/18129036757570673_file.jpeg\",\"contentUrl\":\"https:\\\/\\\/www.braveaurora.com\\\/wp-content\\\/uploads\\\/sites\\\/33\\\/2026\\\/04\\\/18129036757570673_file.jpeg\",\"width\":1200,\"height\":1200},{\"@type\":\"BreadcrumbList\",\"@id\":\"https:\\\/\\\/www.braveaurora.com\\\/das-waren-noch-die-harmlosen-boesen-wiener-lieder-%f0%9f%8e%bb\\\/#breadcrumb\",\"itemListElement\":[{\"@type\":\"ListItem\",\"position\":1,\"name\":\"Startseite\",\"item\":\"https:\\\/\\\/www.braveaurora.com\\\/\"},{\"@type\":\"ListItem\",\"position\":2,\"name\":\"\u201eDas waren noch die harmlosen b\u00f6sen Wiener Lieder.\u201d \ud83c\udfbb\"}]},{\"@type\":\"WebSite\",\"@id\":\"https:\\\/\\\/www.braveaurora.com\\\/#website\",\"url\":\"https:\\\/\\\/www.braveaurora.com\\\/\",\"name\":\"BRAVEAURORA\",\"description\":\"\",\"publisher\":{\"@id\":\"https:\\\/\\\/www.braveaurora.com\\\/#organization\"},\"potentialAction\":[{\"@type\":\"SearchAction\",\"target\":{\"@type\":\"EntryPoint\",\"urlTemplate\":\"https:\\\/\\\/www.braveaurora.com\\\/?s={search_term_string}\"},\"query-input\":{\"@type\":\"PropertyValueSpecification\",\"valueRequired\":true,\"valueName\":\"search_term_string\"}}],\"inLanguage\":\"en-GB\"},{\"@type\":\"Organization\",\"@id\":\"https:\\\/\\\/www.braveaurora.com\\\/#organization\",\"name\":\"BRAVEAURORA\",\"url\":\"https:\\\/\\\/www.braveaurora.com\\\/\",\"logo\":{\"@type\":\"ImageObject\",\"inLanguage\":\"en-GB\",\"@id\":\"https:\\\/\\\/www.braveaurora.com\\\/#\\\/schema\\\/logo\\\/image\\\/\",\"url\":\"https:\\\/\\\/www.braveaurora.com\\\/wp-content\\\/uploads\\\/sites\\\/33\\\/2024\\\/06\\\/ba_logo.png\",\"contentUrl\":\"https:\\\/\\\/www.braveaurora.com\\\/wp-content\\\/uploads\\\/sites\\\/33\\\/2024\\\/06\\\/ba_logo.png\",\"width\":339,\"height\":109,\"caption\":\"BRAVEAURORA\"},\"image\":{\"@id\":\"https:\\\/\\\/www.braveaurora.com\\\/#\\\/schema\\\/logo\\\/image\\\/\"}},{\"@type\":\"Person\",\"@id\":\"https:\\\/\\\/www.braveaurora.com\\\/#\\\/schema\\\/person\\\/e1ad5b4991a1e953c9bcc2f893189bf6\",\"name\":\"bstoeller\",\"image\":{\"@type\":\"ImageObject\",\"inLanguage\":\"en-GB\",\"@id\":\"https:\\\/\\\/secure.gravatar.com\\\/avatar\\\/fe16cb2c65f9308da094e9b730d75c39846cdb9c03486dd4fb9212c3b8c82019?s=96&d=mm&r=g\",\"url\":\"https:\\\/\\\/secure.gravatar.com\\\/avatar\\\/fe16cb2c65f9308da094e9b730d75c39846cdb9c03486dd4fb9212c3b8c82019?s=96&d=mm&r=g\",\"contentUrl\":\"https:\\\/\\\/secure.gravatar.com\\\/avatar\\\/fe16cb2c65f9308da094e9b730d75c39846cdb9c03486dd4fb9212c3b8c82019?s=96&d=mm&r=g\",\"caption\":\"bstoeller\"},\"url\":\"https:\\\/\\\/www.braveaurora.com\\\/en\\\/author\\\/bstoeller\\\/\"}]}<\/script>\n<!-- \/ Yoast SEO plugin. -->","yoast_head_json":{"title":"\u201eDas waren noch die harmlosen b\u00f6sen Wiener Lieder.\u201d \ud83c\udfbb - BRAVEAURORA","robots":{"index":"index","follow":"follow","max-snippet":"max-snippet:-1","max-image-preview":"max-image-preview:large","max-video-preview":"max-video-preview:-1"},"canonical":"https:\/\/www.braveaurora.com\/en\/das-waren-noch-die-harmlosen-boesen-wiener-lieder-\ud83c\udfbb\/","og_locale":"en_GB","og_type":"article","og_title":"\u201eDas waren noch die harmlosen b\u00f6sen Wiener Lieder.\u201d \ud83c\udfbb - BRAVEAURORA","og_description":"So @martin_achrainer, der Tenor, am Mittwoch Abend im Palais des Kaufm\u00e4nnischen Vereins.","og_url":"https:\/\/www.braveaurora.com\/en\/das-waren-noch-die-harmlosen-boesen-wiener-lieder-\ud83c\udfbb\/","og_site_name":"BRAVEAURORA","article_published_time":"2026-04-26T14:23:29+00:00","author":"bstoeller","twitter_card":"summary_large_image","twitter_misc":{"Written by":"bstoeller","Estimated reading time":"1 minute"},"schema":{"@context":"https:\/\/schema.org","@graph":[{"@type":"Article","@id":"https:\/\/www.braveaurora.com\/das-waren-noch-die-harmlosen-boesen-wiener-lieder-%f0%9f%8e%bb\/#article","isPartOf":{"@id":"https:\/\/www.braveaurora.com\/das-waren-noch-die-harmlosen-boesen-wiener-lieder-%f0%9f%8e%bb\/"},"author":{"name":"bstoeller","@id":"https:\/\/www.braveaurora.com\/#\/schema\/person\/e1ad5b4991a1e953c9bcc2f893189bf6"},"headline":"\u201eDas waren noch die harmlosen b\u00f6sen Wiener Lieder.\u201d \ud83c\udfbb","datePublished":"2026-04-26T14:23:29+00:00","mainEntityOfPage":{"@id":"https:\/\/www.braveaurora.com\/das-waren-noch-die-harmlosen-boesen-wiener-lieder-%f0%9f%8e%bb\/"},"wordCount":246,"publisher":{"@id":"https:\/\/www.braveaurora.com\/#organization"},"image":{"@id":"https:\/\/www.braveaurora.com\/das-waren-noch-die-harmlosen-boesen-wiener-lieder-%f0%9f%8e%bb\/#primaryimage"},"thumbnailUrl":"https:\/\/www.braveaurora.com\/wp-content\/uploads\/sites\/33\/2026\/04\/18129036757570673_file.jpeg","articleSection":["News"],"inLanguage":"en-GB"},{"@type":"WebPage","@id":"https:\/\/www.braveaurora.com\/das-waren-noch-die-harmlosen-boesen-wiener-lieder-%f0%9f%8e%bb\/","url":"https:\/\/www.braveaurora.com\/das-waren-noch-die-harmlosen-boesen-wiener-lieder-%f0%9f%8e%bb\/","name":"\u201eDas waren noch die harmlosen b\u00f6sen Wiener Lieder.\u201d \ud83c\udfbb - BRAVEAURORA","isPartOf":{"@id":"https:\/\/www.braveaurora.com\/#website"},"primaryImageOfPage":{"@id":"https:\/\/www.braveaurora.com\/das-waren-noch-die-harmlosen-boesen-wiener-lieder-%f0%9f%8e%bb\/#primaryimage"},"image":{"@id":"https:\/\/www.braveaurora.com\/das-waren-noch-die-harmlosen-boesen-wiener-lieder-%f0%9f%8e%bb\/#primaryimage"},"thumbnailUrl":"https:\/\/www.braveaurora.com\/wp-content\/uploads\/sites\/33\/2026\/04\/18129036757570673_file.jpeg","datePublished":"2026-04-26T14:23:29+00:00","breadcrumb":{"@id":"https:\/\/www.braveaurora.com\/das-waren-noch-die-harmlosen-boesen-wiener-lieder-%f0%9f%8e%bb\/#breadcrumb"},"inLanguage":"en-GB","potentialAction":[{"@type":"ReadAction","target":["https:\/\/www.braveaurora.com\/das-waren-noch-die-harmlosen-boesen-wiener-lieder-%f0%9f%8e%bb\/"]}]},{"@type":"ImageObject","inLanguage":"en-GB","@id":"https:\/\/www.braveaurora.com\/das-waren-noch-die-harmlosen-boesen-wiener-lieder-%f0%9f%8e%bb\/#primaryimage","url":"https:\/\/www.braveaurora.com\/wp-content\/uploads\/sites\/33\/2026\/04\/18129036757570673_file.jpeg","contentUrl":"https:\/\/www.braveaurora.com\/wp-content\/uploads\/sites\/33\/2026\/04\/18129036757570673_file.jpeg","width":1200,"height":1200},{"@type":"BreadcrumbList","@id":"https:\/\/www.braveaurora.com\/das-waren-noch-die-harmlosen-boesen-wiener-lieder-%f0%9f%8e%bb\/#breadcrumb","itemListElement":[{"@type":"ListItem","position":1,"name":"Startseite","item":"https:\/\/www.braveaurora.com\/"},{"@type":"ListItem","position":2,"name":"\u201eDas waren noch die harmlosen b\u00f6sen Wiener Lieder.\u201d \ud83c\udfbb"}]},{"@type":"WebSite","@id":"https:\/\/www.braveaurora.com\/#website","url":"https:\/\/www.braveaurora.com\/","name":"BRAVEAURORA","description":"","publisher":{"@id":"https:\/\/www.braveaurora.com\/#organization"},"potentialAction":[{"@type":"SearchAction","target":{"@type":"EntryPoint","urlTemplate":"https:\/\/www.braveaurora.com\/?s={search_term_string}"},"query-input":{"@type":"PropertyValueSpecification","valueRequired":true,"valueName":"search_term_string"}}],"inLanguage":"en-GB"},{"@type":"Organization","@id":"https:\/\/www.braveaurora.com\/#organization","name":"BRAVEAURORA","url":"https:\/\/www.braveaurora.com\/","logo":{"@type":"ImageObject","inLanguage":"en-GB","@id":"https:\/\/www.braveaurora.com\/#\/schema\/logo\/image\/","url":"https:\/\/www.braveaurora.com\/wp-content\/uploads\/sites\/33\/2024\/06\/ba_logo.png","contentUrl":"https:\/\/www.braveaurora.com\/wp-content\/uploads\/sites\/33\/2024\/06\/ba_logo.png","width":339,"height":109,"caption":"BRAVEAURORA"},"image":{"@id":"https:\/\/www.braveaurora.com\/#\/schema\/logo\/image\/"}},{"@type":"Person","@id":"https:\/\/www.braveaurora.com\/#\/schema\/person\/e1ad5b4991a1e953c9bcc2f893189bf6","name":"bstoeller","image":{"@type":"ImageObject","inLanguage":"en-GB","@id":"https:\/\/secure.gravatar.com\/avatar\/fe16cb2c65f9308da094e9b730d75c39846cdb9c03486dd4fb9212c3b8c82019?s=96&d=mm&r=g","url":"https:\/\/secure.gravatar.com\/avatar\/fe16cb2c65f9308da094e9b730d75c39846cdb9c03486dd4fb9212c3b8c82019?s=96&d=mm&r=g","contentUrl":"https:\/\/secure.gravatar.com\/avatar\/fe16cb2c65f9308da094e9b730d75c39846cdb9c03486dd4fb9212c3b8c82019?s=96&d=mm&r=g","caption":"bstoeller"},"url":"https:\/\/www.braveaurora.com\/en\/author\/bstoeller\/"}]}},"spectra_custom_meta":{"_thumbnail_id":["20044"],"astra_style_timestamp_css":["1777256207"],"_uag_css_file_name":["uag-css-20045.css"],"_uag_page_assets":["a:9:{s:3:\"css\";s:260:\".uag-blocks-common-selector{z-index:var(--z-index-desktop) !important}@media(max-width: 976px){.uag-blocks-common-selector{z-index:var(--z-index-tablet) !important}}@media(max-width: 767px){.uag-blocks-common-selector{z-index:var(--z-index-mobile) !important}}\";s:2:\"js\";s:0:\"\";s:18:\"current_block_list\";a:3:{i:0;s:12:\"core\/heading\";i:1;s:14:\"core\/paragraph\";i:2;s:10:\"core\/image\";}s:8:\"uag_flag\";b:0;s:11:\"uag_version\";s:10:\"1777265531\";s:6:\"gfonts\";a:0:{}s:10:\"gfonts_url\";s:0:\"\";s:12:\"gfonts_files\";a:0:{}s:14:\"uag_faq_layout\";b:0;}"]},"uagb_featured_image_src":{"full":["https:\/\/www.braveaurora.com\/wp-content\/uploads\/sites\/33\/2026\/04\/18129036757570673_file.jpeg",1200,1200,false],"thumbnail":["https:\/\/www.braveaurora.com\/wp-content\/uploads\/sites\/33\/2026\/04\/18129036757570673_file-150x150.jpeg",150,150,true],"medium":["https:\/\/www.braveaurora.com\/wp-content\/uploads\/sites\/33\/2026\/04\/18129036757570673_file-300x300.jpeg",300,300,true],"medium_large":["https:\/\/www.braveaurora.com\/wp-content\/uploads\/sites\/33\/2026\/04\/18129036757570673_file-768x768.jpeg",768,768,true],"large":["https:\/\/www.braveaurora.com\/wp-content\/uploads\/sites\/33\/2026\/04\/18129036757570673_file-1024x1024.jpeg",1024,1024,true],"1536x1536":["https:\/\/www.braveaurora.com\/wp-content\/uploads\/sites\/33\/2026\/04\/18129036757570673_file.jpeg",1200,1200,false],"2048x2048":["https:\/\/www.braveaurora.com\/wp-content\/uploads\/sites\/33\/2026\/04\/18129036757570673_file.jpeg",1200,1200,false],"trp-custom-language-flag":["https:\/\/www.braveaurora.com\/wp-content\/uploads\/sites\/33\/2026\/04\/18129036757570673_file-12x12.jpeg",12,12,true]},"uagb_author_info":{"display_name":"bstoeller","author_link":"https:\/\/www.braveaurora.com\/en\/author\/bstoeller\/"},"uagb_comment_info":0,"uagb_excerpt":"So @martin_achrainer, der Tenor, am Mittwoch Abend im Palais des Kaufm\u00e4nnischen Vereins.","_links":{"self":[{"href":"https:\/\/www.braveaurora.com\/en\/wp-json\/wp\/v2\/posts\/20045","targetHints":{"allow":["GET"]}}],"collection":[{"href":"https:\/\/www.braveaurora.com\/en\/wp-json\/wp\/v2\/posts"}],"about":[{"href":"https:\/\/www.braveaurora.com\/en\/wp-json\/wp\/v2\/types\/post"}],"author":[{"embeddable":true,"href":"https:\/\/www.braveaurora.com\/en\/wp-json\/wp\/v2\/users\/1"}],"replies":[{"embeddable":true,"href":"https:\/\/www.braveaurora.com\/en\/wp-json\/wp\/v2\/comments?post=20045"}],"version-history":[{"count":0,"href":"https:\/\/www.braveaurora.com\/en\/wp-json\/wp\/v2\/posts\/20045\/revisions"}],"wp:featuredmedia":[{"embeddable":true,"href":"https:\/\/www.braveaurora.com\/en\/wp-json\/wp\/v2\/media\/20044"}],"wp:attachment":[{"href":"https:\/\/www.braveaurora.com\/en\/wp-json\/wp\/v2\/media?parent=20045"}],"wp:term":[{"taxonomy":"category","embeddable":true,"href":"https:\/\/www.braveaurora.com\/en\/wp-json\/wp\/v2\/categories?post=20045"},{"taxonomy":"post_tag","embeddable":true,"href":"https:\/\/www.braveaurora.com\/en\/wp-json\/wp\/v2\/tags?post=20045"}],"curies":[{"name":"wp","href":"https:\/\/api.w.org\/{rel}","templated":true}]}}